{"id":1307,"date":"2012-11-24T16:19:29","date_gmt":"2012-11-24T15:19:29","guid":{"rendered":"http:\/\/blitzgestalten.de\/blog\/?p=1307"},"modified":"2013-06-23T22:50:32","modified_gmt":"2013-06-23T21:50:32","slug":"we-are-family","status":"publish","type":"post","link":"https:\/\/blitzgestalten.de\/blog\/we-are-family\/","title":{"rendered":"We are Family"},"content":{"rendered":"<p>Weihnachten r\u00fcckt n\u00e4her. <strong>Julia &amp; Tino<\/strong> wollten gerne ein paar Familien Fotos zusammen mit ihrem Kiddie <strong>Moritz<\/strong>. Zugegeben unser erstes Mal mit Kind &amp; Kegel. Es kam wie es kam, ein Kind mit Schnupfen will nicht immer so wie Anderen wollen. Trotz gr\u00f6\u00dftem Bespa\u00dfungsangebot durch Mama und Papa kam es nur zu relativ wenigen Aufnahmen. Aber trotzdem sind ein paar Aufnahmen im Kasten gewesen die gut sind. Klassische Ausleuchtung 45\u00b0 links vorne und rechts hinten mit Schirmen &#8211; alles vorher eingemessen &#8230; wenn das Kind am Set ist muss ohnehin alles schnell gehen, da gibt es leider keine Zeit f\u00fcr Technikspielerei.<\/p>\n<p><iframe loading=\"lazy\" width=\"500\" height=\"281\" src=\"http:\/\/www.youtube.com\/embed\/K64cKjPogn8?feature=oembed\" frameborder=\"0\" allowfullscreen><\/iframe><\/p>\n<p>[justified_image_grid ids=1310,1316,1312,1317,1319,1315,1313,1311,1314,1318 caption=off mobile_caption=off]<\/p>\n","protected":false},"excerpt":{"rendered":"<p>Weihnachten r\u00fcckt n\u00e4her. Julia &amp; Tino wollten gerne ein paar Familien Fotos zusammen mit ihrem Kiddie Moritz. Zugegeben unser erstes Mal mit Kind &amp; Kegel. Es kam wie es kam, ein Kind mit Schnupfen will nicht immer so wie Anderen wollen. Trotz gr\u00f6\u00dftem Bespa\u00dfungsangebot durch Mama und Papa kam es nur zu relativ wenigen Aufnahmen. [&hellip;]<\/p>\n","protected":false},"author":1,"featured_media":1318,"comment_status":"closed","ping_status":"closed","sticky":false,"template":"","format":"standard","meta":[],"categories":[19,31],"tags":[],"_links":{"self":[{"href":"https:\/\/blitzgestalten.de\/blog\/wp-json\/wp\/v2\/posts\/1307"}],"collection":[{"href":"https:\/\/blitzgestalten.de\/blog\/wp-json\/wp\/v2\/posts"}],"about":[{"href":"https:\/\/blitzgestalten.de\/blog\/wp-json\/wp\/v2\/types\/post"}],"author":[{"embeddable":true,"href":"https:\/\/blitzgestalten.de\/blog\/wp-json\/wp\/v2\/users\/1"}],"replies":[{"embeddable":true,"href":"https:\/\/blitzgestalten.de\/blog\/wp-json\/wp\/v2\/comments?post=1307"}],"version-history":[{"count":9,"href":"https:\/\/blitzgestalten.de\/blog\/wp-json\/wp\/v2\/posts\/1307\/revisions"}],"predecessor-version":[{"id":1321,"href":"https:\/\/blitzgestalten.de\/blog\/wp-json\/wp\/v2\/posts\/1307\/revisions\/1321"}],"wp:featuredmedia":[{"embeddable":true,"href":"https:\/\/blitzgestalten.de\/blog\/wp-json\/wp\/v2\/media\/1318"}],"wp:attachment":[{"href":"https:\/\/blitzgestalten.de\/blog\/wp-json\/wp\/v2\/media?parent=1307"}],"wp:term":[{"taxonomy":"category","embeddable":true,"href":"https:\/\/blitzgestalten.de\/blog\/wp-json\/wp\/v2\/categories?post=1307"},{"taxonomy":"post_tag","embeddable":true,"href":"https:\/\/blitzgestalten.de\/blog\/wp-json\/wp\/v2\/tags?post=1307"}],"curies":[{"name":"wp","href":"https:\/\/api.w.org\/{rel}","templated":true}]}}