{"id":2017,"date":"2013-09-13T21:47:58","date_gmt":"2013-09-13T20:47:58","guid":{"rendered":"http:\/\/blitzgestalten.de\/blog\/?p=2017"},"modified":"2014-04-14T13:53:55","modified_gmt":"2014-04-14T12:53:55","slug":"equipment-test-jinbei-fl-ii-porty","status":"publish","type":"post","link":"https:\/\/blitzgestalten.de\/blog\/equipment-test-jinbei-fl-ii-porty\/","title":{"rendered":"Equipment Test &#8211; Jinbei FL II Porty"},"content":{"rendered":"<p><em>Girls in the City \u2013 das war das\u00a0Motto am\u00a024.08.2013 f\u00fcr unser letztes Outdoor Shooting in diesem Jahr.<\/em><\/p>\n<p>Neben Kleidern, zwei Modellen, Visagistin und einer Fotoerlaubnis f\u00fcr die MyZeil in Frankfurt hatten wir uns auch an <a title=\"Foto Morgen\" href=\"http:\/\/www.foto-morgen.de\" target=\"_blank\">Foto Morgen<\/a> mit der Bitte um Leihgabe\u00a0einer mobilen Blitzanalage gewendet.<\/p>\n<p><a href=\"https:\/\/blitzgestalten.de\/blog\/wp-content\/uploads\/2013\/11\/2229_p1.jpg\" rel=\"lightbox[2017]\"><img loading=\"lazy\" class=\"alignright size-full wp-image-2023\" alt=\"2229_p1\" src=\"https:\/\/blitzgestalten.de\/blog\/wp-content\/uploads\/2013\/11\/2229_p1.jpg\" width=\"380\" height=\"312\" srcset=\"https:\/\/blitzgestalten.de\/blog\/wp-content\/uploads\/2013\/11\/2229_p1.jpg 380w, https:\/\/blitzgestalten.de\/blog\/wp-content\/uploads\/2013\/11\/2229_p1-300x246.jpg 300w\" sizes=\"(max-width: 380px) 100vw, 380px\" \/><\/a>Wie auch bei unseren vorherigen Kontakten mit Foto Morgen lief auch diese Anfrage schnell, freundlich und unkompliziert ab. Ohne viel Diskussion wurde uns ein <a title=\"Jinbei FL II Porty\" href=\"http:\/\/www.foto-morgen.de\/Studioausstattung-Studioblitz-Porty\/Studioblitze-portabel\/Jinbei-FL-II-Porty-Blitz-Set-inkl-Standard-Blitzkopf.html\" target=\"_blank\">Jinbei FL II\u00a0Porty<\/a> leihweise zur Verf\u00fcgung gestellt.\u00a0Nach ein paar Tagen war der Blitz per Post bei uns angekommen und es hie\u00df ausprobieren.<\/p>\n<p>Eines vorweg, wir wurden nicht entt\u00e4uscht von dem Ger\u00e4t. Wie auch andere Jinbei Blitzger\u00e4te, die wir nutzen,\u00a0hat es seinen Dienst ohne zu klagen erledigt. Schnell, zuverl\u00e4ssig und belastbar. Besonders die Laufzeit des\u00a0Akkus\u00a0ist uns \u00fcberaus positiv aufgefallen. Er hat den ganzen Tag \u00fcber\u00a0durchgehalten und dabei 500 Ausl\u00f6sungen zur Verf\u00fcgung gestellt, teilweise mit hoher Leistung &#8211; und der Akku war am Ende des Tages noch nicht leer. Problemfrei haben wir bei Tageslicht zus\u00e4tzlich mit einer 1,40m Octabox zus\u00e4tzlich ausgeleuchtet und hatten immer ausreichend Leistung parat.<\/p>\n<p>Geliefert wurde das Ger\u00e4t mit einer Transporttasche, die Platz f\u00fcr Generator und Blitzkopf bietet und einen angenehmen Transport der Ausr\u00fcstung bietet. Das Steuerger\u00e4t selbst l\u00e4sst\u00a0keine\u00a0Fragen hinsichtlich Bedienung aufkommen, ist \u00fcber die Bedienelemente gut zu bedienen und die eingestellte Leistung jederzeit ablesbar. Ein Einstelllicht ist vorhanden und das Bownes S-Type Bajonett garantiert Kompatibilit\u00e4t zu allerlei Lichtformern. Das Kabel f\u00fcr den Blitzkopf war ausreichend lang, so dass wir selbst bei hohen Stativen keinerlei Probleme hatten. Rundherum eine gute Blitzanlage f\u00fcr den Au\u00dfeneinsatz, die uns \u00fcberzeugt hat.<\/p>\n<p>Eines wollen wir jedoch bez\u00fcglich des Geh\u00e4usedesigns des Generators anmerlen. Die sehr schmale jedoch hohe Bauform, l\u00e4sst ihn in der Praxis durch Zug am Kabel oder beim Schieben mit dem Fu\u00df leicht umfallen. Dies ist in der Praxis, in der man oft die H\u00e4nde schon mit Stativ und Lichtformer voll hat, unpraktisch f\u00e4llt jedoch bei dem Preisleistungsverh\u00e4ltniss \u00fcberhaupt nicht ins Gewicht.<\/p>\n<p>Leider mussten wir den <a href=\"http:\/\/www.foto-morgen.de\/Studioausstattung-Studioblitz-Porty\/Studioblitze-portabel\/Jinbei-FL-II-Porty-Blitz-Set-inkl-Standard-Blitzkopf.html\" target=\"_blank\">FL II\u00a0Porty<\/a> dann auch wieder zur\u00fcckschicken, sind uns aber sicher bald selbst einen zu besitzen. Wir k\u00f6nnen das Ger\u00e4t nur w\u00e4rmstens empfehlen.<\/p>\n<p>An dieser Stelle noch einmal herzlichen Dank an das Team von <a href=\"http:\/\/www.foto-morgen.de\" target=\"_blank\">Foto Morgen<\/a> f\u00fcr die Leihgabe und den super Service.<\/p>\n","protected":false},"excerpt":{"rendered":"<p>Girls in the City \u2013 das war das\u00a0Motto am\u00a024.08.2013 f\u00fcr unser letztes Outdoor Shooting in diesem Jahr. Neben Kleidern, zwei Modellen, Visagistin und einer Fotoerlaubnis f\u00fcr die MyZeil in Frankfurt hatten wir uns auch an Foto Morgen mit der Bitte um Leihgabe\u00a0einer mobilen Blitzanalage gewendet. Wie auch bei unseren vorherigen Kontakten mit Foto Morgen lief [&hellip;]<\/p>\n","protected":false},"author":1,"featured_media":2023,"comment_status":"closed","ping_status":"closed","sticky":false,"template":"","format":"standard","meta":[],"categories":[19],"tags":[],"_links":{"self":[{"href":"https:\/\/blitzgestalten.de\/blog\/wp-json\/wp\/v2\/posts\/2017"}],"collection":[{"href":"https:\/\/blitzgestalten.de\/blog\/wp-json\/wp\/v2\/posts"}],"about":[{"href":"https:\/\/blitzgestalten.de\/blog\/wp-json\/wp\/v2\/types\/post"}],"author":[{"embeddable":true,"href":"https:\/\/blitzgestalten.de\/blog\/wp-json\/wp\/v2\/users\/1"}],"replies":[{"embeddable":true,"href":"https:\/\/blitzgestalten.de\/blog\/wp-json\/wp\/v2\/comments?post=2017"}],"version-history":[{"count":30,"href":"https:\/\/blitzgestalten.de\/blog\/wp-json\/wp\/v2\/posts\/2017\/revisions"}],"predecessor-version":[{"id":2048,"href":"https:\/\/blitzgestalten.de\/blog\/wp-json\/wp\/v2\/posts\/2017\/revisions\/2048"}],"wp:featuredmedia":[{"embeddable":true,"href":"https:\/\/blitzgestalten.de\/blog\/wp-json\/wp\/v2\/media\/2023"}],"wp:attachment":[{"href":"https:\/\/blitzgestalten.de\/blog\/wp-json\/wp\/v2\/media?parent=2017"}],"wp:term":[{"taxonomy":"category","embeddable":true,"href":"https:\/\/blitzgestalten.de\/blog\/wp-json\/wp\/v2\/categories?post=2017"},{"taxonomy":"post_tag","embeddable":true,"href":"https:\/\/blitzgestalten.de\/blog\/wp-json\/wp\/v2\/tags?post=2017"}],"curies":[{"name":"wp","href":"https:\/\/api.w.org\/{rel}","templated":true}]}}